{"id":177,"date":"2021-01-12T10:04:24","date_gmt":"2021-01-12T10:04:24","guid":{"rendered":"https:\/\/www.lips-org.ch\/?p=177"},"modified":"2024-01-03T11:20:07","modified_gmt":"2024-01-03T11:20:07","slug":"generalversammlung-2021","status":"publish","type":"post","link":"https:\/\/www.lips-org.ch\/?p=177","title":{"rendered":"Generalversammlung 2021"},"content":{"rendered":"\t\t<div data-elementor-type=\"wp-post\" data-elementor-id=\"177\" class=\"elementor elementor-177\" data-elementor-post-type=\"post\">\n\t\t\t\t<div class=\"elementor-element elementor-element-84bb67e e-flex e-con-boxed e-con e-parent\" data-id=\"84bb67e\" data-element_type=\"container\" data-e-type=\"container\">\n\t\t\t\t\t<div class=\"e-con-inner\">\n\t\t\t\t<div class=\"elementor-element elementor-element-c97662f elementor-widget elementor-widget-text-editor\" data-id=\"c97662f\" data-element_type=\"widget\" data-e-type=\"widget\" data-widget_type=\"text-editor.default\">\n\t\t\t\t<div class=\"elementor-widget-container\">\n\t\t\t\t\t\t\t\t\t<p>2021 wird die LIPS-Gneralversammlung Corona-bedingt sp\u00e4ter im Jahr stattfinden. Gem\u00e4ss Statuten sollte sie in der ersten Jahresh\u00e4lfte abgehalten werden.<\/p><p><strong>Dokumente:<\/strong><\/p><ul><li><a href=\"https:\/\/www.lips-org.ch\/wp-content\/uploads\/2024\/01\/A-LIPS-Bilanz-2020.pdf\">Jahresbilanz 2020<\/a><\/li><li><a href=\"https:\/\/www.lips-org.ch\/wp-content\/uploads\/2024\/01\/A-LIPS-Erfolgsrechnung-2020.pdf\">Erfolgsrechnung 2020<\/a><\/li><li><a href=\"https:\/\/www.lips-org.ch\/wp-content\/uploads\/2024\/01\/A-Revisionsbericht-2020.pdf\">Revisionsbericht 2020<\/a><\/li><\/ul><div>\u00a0<\/div>\t\t\t\t\t\t\t\t<\/div>\n\t\t\t\t<\/div>\n\t\t\t\t\t<\/div>\n\t\t\t\t<\/div>\n\t\t\t\t<\/div>\n\t\t","protected":false},"excerpt":{"rendered":"<p>2021 wird die LIPS-Gneralversammlung Corona-bedingt sp\u00e4ter im Jahr stattfinden. Gem\u00e4ss Statuten sollte sie in der ersten Jahresh\u00e4lfte abgehalten werden. Dokumente: Jahresbilanz 2020 [&hellip;]<\/p>\n","protected":false},"author":1,"featured_media":0,"comment_status":"closed","ping_status":"closed","sticky":false,"template":"","format":"standard","meta":{"_eb_attr":"","footnotes":""},"categories":[5,7,4],"tags":[],"class_list":["post-177","post","type-post","status-publish","format-standard","hentry","category-aktuelles","category-generalversammlung","category-versammlungen"],"_links":{"self":[{"href":"https:\/\/www.lips-org.ch\/index.php?rest_route=\/wp\/v2\/posts\/177","targetHints":{"allow":["GET"]}}],"collection":[{"href":"https:\/\/www.lips-org.ch\/index.php?rest_route=\/wp\/v2\/posts"}],"about":[{"href":"https:\/\/www.lips-org.ch\/index.php?rest_route=\/wp\/v2\/types\/post"}],"author":[{"embeddable":true,"href":"https:\/\/www.lips-org.ch\/index.php?rest_route=\/wp\/v2\/users\/1"}],"replies":[{"embeddable":true,"href":"https:\/\/www.lips-org.ch\/index.php?rest_route=%2Fwp%2Fv2%2Fcomments&post=177"}],"version-history":[{"count":10,"href":"https:\/\/www.lips-org.ch\/index.php?rest_route=\/wp\/v2\/posts\/177\/revisions"}],"predecessor-version":[{"id":465,"href":"https:\/\/www.lips-org.ch\/index.php?rest_route=\/wp\/v2\/posts\/177\/revisions\/465"}],"wp:attachment":[{"href":"https:\/\/www.lips-org.ch\/index.php?rest_route=%2Fwp%2Fv2%2Fmedia&parent=177"}],"wp:term":[{"taxonomy":"category","embeddable":true,"href":"https:\/\/www.lips-org.ch\/index.php?rest_route=%2Fwp%2Fv2%2Fcategories&post=177"},{"taxonomy":"post_tag","embeddable":true,"href":"https:\/\/www.lips-org.ch\/index.php?rest_route=%2Fwp%2Fv2%2Ftags&post=177"}],"curies":[{"name":"wp","href":"https:\/\/api.w.org\/{rel}","templated":true}]}}