{"id":18,"date":"2019-09-10T17:53:37","date_gmt":"2019-09-10T17:53:37","guid":{"rendered":"https:\/\/www.lips-org.ch\/?p=18"},"modified":"2024-01-29T08:06:21","modified_gmt":"2024-01-29T08:06:21","slug":"women-in-security-die-bedeutung-der-frauen-fur-die-sicherheit","status":"publish","type":"post","link":"https:\/\/www.lips-org.ch\/?p=18","title":{"rendered":"WOMEN\u00a0 IN\u00a0 SECURITY: DIE\u00a0 BEDEUTUNG\u00a0 DER\u00a0 FRAUEN F\u00dcR\u00a0 DIE\u00a0 SICHERHEIT"},"content":{"rendered":"\t\t<div data-elementor-type=\"wp-post\" data-elementor-id=\"18\" class=\"elementor elementor-18\" data-elementor-post-type=\"post\">\n\t\t\t\t<div class=\"elementor-element elementor-element-2fa650db e-flex e-con-boxed e-con e-parent\" data-id=\"2fa650db\" data-element_type=\"container\" data-e-type=\"container\">\n\t\t\t\t\t<div class=\"e-con-inner\">\n\t\t\t\t<div class=\"elementor-element elementor-element-7723282a elementor-widget elementor-widget-text-editor\" data-id=\"7723282a\" data-element_type=\"widget\" data-e-type=\"widget\" data-widget_type=\"text-editor.default\">\n\t\t\t\t<div class=\"elementor-widget-container\">\n\t\t\t\t\t\t\t\t\t\n<p>KONFERENZ\u00a0 in Luzern <br>Donnerstag, 14. November 2019<br>17:15 &#8211; 21:00 Uhr inklusive Ap\u00e9ro<br>in der Universit\u00e4t Luzern, Auditorium<\/p>\n\n\n\n<p>REFERATE u.a. von<br>BUNDESR\u00c4TIN\u00a0 VIOLA\u00a0 AMHERD<\/p>\n\t\t\t\t\t\t\t\t<\/div>\n\t\t\t\t<\/div>\n\t\t\t\t<div class=\"elementor-element elementor-element-dde46db elementor-widget elementor-widget-text-editor\" data-id=\"dde46db\" data-element_type=\"widget\" data-e-type=\"widget\" data-widget_type=\"text-editor.default\">\n\t\t\t\t<div class=\"elementor-widget-container\">\n\t\t\t\t\t\t\t\t\t<p>LIPS, die Luzerner Initiative f\u00fcr Frieden und Sicherheit, in Kooperation mit dem Forum Sicherheit Schweiz, dem Sicherheitspolitischen Forum Zentralschweiz und der Universit\u00e4t Luzern, l\u00e4dt Sie f\u00fcr das Jahr 2019 zu einer Konferenz mit einem hochaktuellen Thema ein:<\/p>\n<p class=\"p1\"><b>WOMEN\u00a0 IN\u00a0 SECURITY:<\/b><\/p>\n<p class=\"p1\"><b>DIE\u00a0 BEDEUTUNG\u00a0 DER\u00a0 FRAUEN<\/b><\/p>\n<p class=\"p4\"><b>F\u00dcR\u00a0 DIE\u00a0 SICHERHEIT<\/b><\/p>\n<p class=\"p1\"><b>Donnerstag, 14. November 2019<\/b><\/p>\n<p class=\"p1\"><b>17:15 &#8211; 21:00 Uhr<\/b><\/p>\n<p class=\"p1\">in der Universit\u00e4t Luzern, Auditorium<\/p>\n<p class=\"p4\">(Frohburgstrasse 3, 6002 Luzern)<\/p>\n<p class=\"p3\"><span class=\"Apple-converted-space\">\u00a0<\/span>\u00a0<a href=\"http:\/\/www.lips-org.ch\/documents\/5FSSSecurityTalk_WomeninSecurity_Programm_000.pdf\"><span class=\"s1\">Ortsplan im Programmflyer<\/span><\/a><\/p>\n<p class=\"p2\">Der Eintritt ist kostenlos, bitte melden Sie sich m\u00f6glichst an bei::<\/p>\n<p class=\"p3\"><span class=\"s1\"><a href=\"mailto:info@lips-org.ch\">info@lips-org.ch<\/a><\/span><\/p>\n<p class=\"p2\"><b>Ausgangslage und Ziel der Konferenz<\/b><\/p>\n<p class=\"p5\">Mit Bundesr\u00e4tin Viola Amherd steht in der Schweiz erstmals eine Frau an der Spitze des Verteidigungsdepartements. In Konfliktmediation und Sicherheitspolitik k\u00f6nnen Frauen entscheidend sein. Auch die Privatwirtschaft profitiert von Diversity bei Sicherheitsentscheidungen und beim Konfliktmanagement. Dennoch sind Frauen im Sicherheitsbereich deutlich untervertreten. Warum? &#8211; Es stellen sich unter anderem folgende\u00a0<b>Fragen<\/b>:<\/p>\n<p class=\"p6\">-&gt;Warum sind Frauen und Diversit\u00e4t im Sicherheits- und Konfliktmanagement entscheidend &#8211; in der Privatwirtschaft wie im \u00f6ffentlicheen Sektor?<\/p>\n<p class=\"p6\">-&gt;Was bedeutet Sicherheit f\u00fcr Frauen? Wie w\u00e4gen Frauen Risiken ab? Treffen sie andere Sicherheitsentscheidungen als M\u00e4nner?<\/p>\n<p class=\"p6\">-&gt;Warum sind Frauen im Sicherheitsbereich untervertreten? Welche Chancen bieten sich Frauen im Sicherheitsbereich?<\/p>\n<p class=\"p5\">-&gt;Wie k\u00f6nnen Frauen f\u00fcr den Sicherheitsbereich gewonnen werden?<\/p>\n<p class=\"p6\"><b>Keynote-Referate<\/b>\u00a0\u00fcber die Themen<\/p>\n<ul>\n<li>Diversit\u00e4t und Sicherheit aus Organisationsperspektive<\/li>\n<li>Geschlecht und Konfliktverhalten: Zwischen Rollenklischees und Realit\u00e4t<\/li>\n<li>Frauen in der Cyber-Sicherheit und im Risikomanagement<\/li>\n<li>Mitmachen, mitreden, mitbestimmen: Frauen in Armee und Sicherheitspolitik<\/li>\n<\/ul>\n<p class=\"p5\">sowie 2<b>\u00a0Podiumsdiskussionen<\/b>\u00a0mit in verschiedenen Bereichen erfahrenen Experten<\/p>\n<p class=\"p5\">werden nach Antworten und L\u00f6sungen auch zusammen mit Ihnen, den Teilnehmenden, suchen.<\/p>\n<p class=\"p5\">Sie sind eingeladen, anschliessend am\u00a0<b>gemeinsamen Ap\u00e9ro, ab 20 Uhr, weitere Ideen einzubringen und im Gespr\u00e4ch zu bleiben<\/b>..<\/p>\t\t\t\t\t\t\t\t<\/div>\n\t\t\t\t<\/div>\n\t\t\t\t<div class=\"elementor-element elementor-element-c9455a0 elementor-widget elementor-widget-image\" data-id=\"c9455a0\" data-element_type=\"widget\" data-e-type=\"widget\" data-widget_type=\"image.default\">\n\t\t\t\t<div class=\"elementor-widget-container\">\n\t\t\t\t\t\t\t\t\t\t\t\t<figure class=\"wp-caption\">\n\t\t\t\t\t\t\t\t\t\t<img fetchpriority=\"high\" decoding=\"async\" width=\"1024\" height=\"682\" src=\"https:\/\/www.lips-org.ch\/wp-content\/uploads\/2024\/01\/2019-BR-Viola-Amherd-fuer-separat-IMG_0115-1024x682.jpg\" class=\"attachment-large size-large wp-image-1112\" alt=\"\" srcset=\"https:\/\/www.lips-org.ch\/wp-content\/uploads\/2024\/01\/2019-BR-Viola-Amherd-fuer-separat-IMG_0115-1024x682.jpg 1024w, https:\/\/www.lips-org.ch\/wp-content\/uploads\/2024\/01\/2019-BR-Viola-Amherd-fuer-separat-IMG_0115-300x200.jpg 300w, https:\/\/www.lips-org.ch\/wp-content\/uploads\/2024\/01\/2019-BR-Viola-Amherd-fuer-separat-IMG_0115-768x512.jpg 768w, https:\/\/www.lips-org.ch\/wp-content\/uploads\/2024\/01\/2019-BR-Viola-Amherd-fuer-separat-IMG_0115-1536x1024.jpg 1536w, https:\/\/www.lips-org.ch\/wp-content\/uploads\/2024\/01\/2019-BR-Viola-Amherd-fuer-separat-IMG_0115-1000x667.jpg 1000w, https:\/\/www.lips-org.ch\/wp-content\/uploads\/2024\/01\/2019-BR-Viola-Amherd-fuer-separat-IMG_0115-230x153.jpg 230w, https:\/\/www.lips-org.ch\/wp-content\/uploads\/2024\/01\/2019-BR-Viola-Amherd-fuer-separat-IMG_0115-350x233.jpg 350w, https:\/\/www.lips-org.ch\/wp-content\/uploads\/2024\/01\/2019-BR-Viola-Amherd-fuer-separat-IMG_0115-480x320.jpg 480w, https:\/\/www.lips-org.ch\/wp-content\/uploads\/2024\/01\/2019-BR-Viola-Amherd-fuer-separat-IMG_0115.jpg 2000w\" sizes=\"(max-width: 1024px) 100vw, 1024px\" \/>\t\t\t\t\t\t\t\t\t\t\t<figcaption class=\"widget-image-caption wp-caption-text\">Foto: Bundesr\u00e4tin Viola Amherd an der Konferenz Women in Security: Die Bedeutung der Frauen f\u00fcr die Sicherheit<\/figcaption>\n\t\t\t\t\t\t\t\t\t\t<\/figure>\n\t\t\t\t\t\t\t\t\t<\/div>\n\t\t\t\t<\/div>\n\t\t\t\t\t<\/div>\n\t\t\t\t<\/div>\n\t\t\t\t<\/div>\n\t\t","protected":false},"excerpt":{"rendered":"<p>KONFERENZ\u00a0 in Luzern Donnerstag, 14. November 201917:15 &#8211; 21:00 Uhr inklusive Ap\u00e9roin der Universit\u00e4t Luzern, Auditorium REFERATE u.a. vonBUNDESR\u00c4TIN\u00a0 VIOLA\u00a0 AMHERD LIPS, [&hellip;]<\/p>\n","protected":false},"author":1,"featured_media":0,"comment_status":"closed","ping_status":"closed","sticky":false,"template":"","format":"standard","meta":{"_eb_attr":"","footnotes":""},"categories":[5,3],"tags":[],"class_list":["post-18","post","type-post","status-publish","format-standard","hentry","category-aktuelles","category-konferenzen"],"_links":{"self":[{"href":"https:\/\/www.lips-org.ch\/index.php?rest_route=\/wp\/v2\/posts\/18","targetHints":{"allow":["GET"]}}],"collection":[{"href":"https:\/\/www.lips-org.ch\/index.php?rest_route=\/wp\/v2\/posts"}],"about":[{"href":"https:\/\/www.lips-org.ch\/index.php?rest_route=\/wp\/v2\/types\/post"}],"author":[{"embeddable":true,"href":"https:\/\/www.lips-org.ch\/index.php?rest_route=\/wp\/v2\/users\/1"}],"replies":[{"embeddable":true,"href":"https:\/\/www.lips-org.ch\/index.php?rest_route=%2Fwp%2Fv2%2Fcomments&post=18"}],"version-history":[{"count":22,"href":"https:\/\/www.lips-org.ch\/index.php?rest_route=\/wp\/v2\/posts\/18\/revisions"}],"predecessor-version":[{"id":1115,"href":"https:\/\/www.lips-org.ch\/index.php?rest_route=\/wp\/v2\/posts\/18\/revisions\/1115"}],"wp:attachment":[{"href":"https:\/\/www.lips-org.ch\/index.php?rest_route=%2Fwp%2Fv2%2Fmedia&parent=18"}],"wp:term":[{"taxonomy":"category","embeddable":true,"href":"https:\/\/www.lips-org.ch\/index.php?rest_route=%2Fwp%2Fv2%2Fcategories&post=18"},{"taxonomy":"post_tag","embeddable":true,"href":"https:\/\/www.lips-org.ch\/index.php?rest_route=%2Fwp%2Fv2%2Ftags&post=18"}],"curies":[{"name":"wp","href":"https:\/\/api.w.org\/{rel}","templated":true}]}}