{"id":214,"date":"2017-10-24T10:13:53","date_gmt":"2017-10-24T10:13:53","guid":{"rendered":"https:\/\/www.lips-org.ch\/?p=214"},"modified":"2024-01-10T14:51:19","modified_gmt":"2024-01-10T14:51:19","slug":"krisenkommunikation-im-terrorfall-und-bei-cyberattacken","status":"publish","type":"post","link":"https:\/\/www.lips-org.ch\/?p=214","title":{"rendered":"KRISENKOMMUNIKATION IM TERRORFALL UND BEI CYBERATTACKEN"},"content":{"rendered":"\t\t<div data-elementor-type=\"wp-post\" data-elementor-id=\"214\" class=\"elementor elementor-214\" data-elementor-post-type=\"post\">\n\t\t\t\t<div class=\"elementor-element elementor-element-5635691 e-flex e-con-boxed e-con e-parent\" data-id=\"5635691\" data-element_type=\"container\" data-e-type=\"container\">\n\t\t\t\t\t<div class=\"e-con-inner\">\n\t\t\t\t<div class=\"elementor-element elementor-element-4e62015 elementor-widget elementor-widget-heading\" data-id=\"4e62015\" data-element_type=\"widget\" data-e-type=\"widget\" data-widget_type=\"heading.default\">\n\t\t\t\t<div class=\"elementor-widget-container\">\n\t\t\t\t\t<h2 class=\"elementor-heading-title elementor-size-default\">Von realistischen Szenarien\nlernen<\/h2>\t\t\t\t<\/div>\n\t\t\t\t<\/div>\n\t\t\t\t\t<\/div>\n\t\t\t\t<\/div>\n\t\t<div class=\"elementor-element elementor-element-726e23e e-flex e-con-boxed e-con e-parent\" data-id=\"726e23e\" data-element_type=\"container\" data-e-type=\"container\">\n\t\t\t\t\t<div class=\"e-con-inner\">\n\t\t\t\t<div class=\"elementor-element elementor-element-b995ff8 elementor-widget elementor-widget-text-editor\" data-id=\"b995ff8\" data-element_type=\"widget\" data-e-type=\"widget\" data-widget_type=\"text-editor.default\">\n\t\t\t\t<div class=\"elementor-widget-container\">\n\t\t\t\t\t\t\t\t\t<p>LIPS, die Luzerner Initiative f\u00fcr Frieden und Sicherheit, in Kooperation mit dem Schweizer Verband f\u00fcr Krisenkommunikation und der Hochschule Luzern, l\u00e4dt Sie f\u00fcr das Jahr 2017 zu einer Konferenz mit einem hochaktuellen Thema ein:<\/p><p><b>KRISENKOMMUNIKATION\u00a0<span style=\"text-align: var(--text-align); color: var(--sydney-text-color); font-family: -apple-system, BlinkMacSystemFont, 'Segoe UI', Roboto, Oxygen-Sans, Ubuntu, Cantarell, 'Helvetica Neue', sans-serif;\">IM TERRORFALL UND BEI CYBERATTACKEN<\/span><\/b><\/p><p><b>Von realistischen Szenarien lernen<\/b><\/p><p>Datum: Dienstag, 24. Oktober 2017<br \/><span style=\"text-align: var(--text-align); color: var(--sydney-text-color); font-family: -apple-system, BlinkMacSystemFont, 'Segoe UI', Roboto, Oxygen-Sans, Ubuntu, Cantarell, 'Helvetica Neue', sans-serif;\">Zeit: 13:30 &#8211; 17:45 Uhr<br \/><\/span><span style=\"text-align: var(--text-align); color: var(--sydney-text-color); font-family: -apple-system, BlinkMacSystemFont, 'Segoe UI', Roboto, Oxygen-Sans, Ubuntu, Cantarell, 'Helvetica Neue', sans-serif;\">Ort: in der Hochschule Luzern\u00a0<\/span><span style=\"text-align: var(--text-align); color: var(--sydney-text-color); font-family: -apple-system, BlinkMacSystemFont, 'Segoe UI', Roboto, Oxygen-Sans, Ubuntu, Cantarell, 'Helvetica Neue', sans-serif;\">(neben dem Bahnhof)<\/span><\/p><p><b>Ausgangslage und Ziel der Konferenz<\/b><\/p><p>Ein Heckensch\u00fctze schiesst auf Z\u00fcge und erpresst dadurch das betroffene Bahnunternehmen. Mittels Ransomware droht eine T\u00e4terschaft die Informatik eines Spitals lahmzulegen. In einem Geldinstitut werden Geiseln genommen. Oder es ereignet sich ein blutiger Anschlag mit zahlreichen Toten, Verletzten und Traumatisierten \u2013 T\u00e4terschaft unbekannt. Anschl\u00e4ge gegen Institutionen und Unternehmen k\u00f6nnen unterschiedliche Auspr\u00e4gungen haben. Die Krisenkommunikation ist f\u00fcr den Verlauf solcher Krisen von \u00fcberragender Bedeutung zur Herstellung von Geschlossenheit, Ruhe und Vertrauen. Die Konferenz will Kommunikationsfachleuten, Krisenverantwortlichen, Medienschaffenden, Studierenden und sicherheitspolitisch Interessierten erm\u00f6glichen, von realistisch geschilderten Szenarien und von deren Bew\u00e4ltigung zu lernen.<\/p><p>Diese Szenarien werden von Experten pr\u00e4sentiert, welche solche Krisen selber erlebt oder sich intensiv mit solchen Krisen befasst haben.<\/p><p>Ein weiteres Referat widmet sich der Rolle der Medien in der Krisenkommunikation. Sie m\u00fcssen und wollen die \u00d6ffentlichkeit informieren, haben aber andererseits auch Verantwortung als Partner f\u00fcr die Krisenf\u00fchrung beziehungsweise Krisenl\u00f6sung. Schliesslich unterliegen sie einer Dynamik, welche angesichts der sozialen Medien schwierig zu berechnen, geschweige denn zu steuern ist<span style=\"text-align: var(--text-align); color: var(--sydney-text-color); font-family: -apple-system, BlinkMacSystemFont, 'Segoe UI', Roboto, Oxygen-Sans, Ubuntu, Cantarell, 'Helvetica Neue', sans-serif;\">.<\/span><\/p><p>Ein Podium mit weiteren politischen Verantwortungstr\u00e4gern und Experten vertieft das Tagungsthema anhand eines anhaltenden und komplexen Bedrohungsszenarios und bringt so zus\u00e4tzliche Erkenntnisse ein.<\/p><p>LIPS, der VKK, die Hochschule Luzern und das Medienausbildungszentrum MAZ wollen mit der Konferenz den Erfahrungsaustausch f\u00f6rdern und Verantwortliche mit realistischen Szenarien auf reale Krisenlagen vorbereiten. Denn sachliche und \u00fcberzeugende Kommunikation kann Leben retten, materielle Verluste verhindern und letztlich die Glaubw\u00fcrdigkeit des Unternehmens pr\u00e4gen.<\/p><p><b>Zielgruppe:<\/b><\/p><p>Die Konferenz \u00abKrisenkommunikation im Terrorfall und bei Cyberattacken\u00bb soll Entscheidungstr\u00e4ger und Interessierte mit unterschiedlichen Perspektiven sowie verschiedenem beruflichem und gesellschaftlichem Hintergrund zusammenf\u00fchren. Aufgrund des grossen \u00f6ffentlichen Interesses am Thema will die Konferenz sowohl Expertinnen und Experten als auch interessierte Personen aus Wirtschaft, Politik und Zivilgesellschaft ansprechen. Sowohl vor Beginn der Referate wie nach der Podiumsdiskussion bietet der Anlass eine wertvolle Gelegenheit zur Kontaktpflege und f\u00fcr pers\u00f6nliche Gespr\u00e4che.<\/p>\t\t\t\t\t\t\t\t<\/div>\n\t\t\t\t<\/div>\n\t\t\t\t<div class=\"elementor-element elementor-element-768a4ec elementor-widget elementor-widget-heading\" data-id=\"768a4ec\" data-element_type=\"widget\" data-e-type=\"widget\" data-widget_type=\"heading.default\">\n\t\t\t\t<div class=\"elementor-widget-container\">\n\t\t\t\t\t<h4 class=\"elementor-heading-title elementor-size-default\">Impressionen<\/h4>\t\t\t\t<\/div>\n\t\t\t\t<\/div>\n\t\t\t\t<div class=\"elementor-element elementor-element-6dbe8d7 elementor-widget elementor-widget-gallery\" data-id=\"6dbe8d7\" data-element_type=\"widget\" data-e-type=\"widget\" data-settings=\"{&quot;lazyload&quot;:&quot;yes&quot;,&quot;gallery_layout&quot;:&quot;grid&quot;,&quot;columns&quot;:4,&quot;columns_tablet&quot;:2,&quot;columns_mobile&quot;:1,&quot;gap&quot;:{&quot;unit&quot;:&quot;px&quot;,&quot;size&quot;:10,&quot;sizes&quot;:[]},&quot;gap_tablet&quot;:{&quot;unit&quot;:&quot;px&quot;,&quot;size&quot;:10,&quot;sizes&quot;:[]},&quot;gap_mobile&quot;:{&quot;unit&quot;:&quot;px&quot;,&quot;size&quot;:10,&quot;sizes&quot;:[]},&quot;link_to&quot;:&quot;file&quot;,&quot;aspect_ratio&quot;:&quot;3:2&quot;,&quot;overlay_background&quot;:&quot;yes&quot;,&quot;content_hover_animation&quot;:&quot;fade-in&quot;}\" data-widget_type=\"gallery.default\">\n\t\t\t\t<div class=\"elementor-widget-container\">\n\t\t\t\t\t\t\t<div class=\"elementor-gallery__container\">\n\t\t\t\t\t\t\t<a class=\"e-gallery-item elementor-gallery-item elementor-animated-content\" href=\"https:\/\/www.lips-org.ch\/wp-content\/uploads\/2024\/01\/2017-26381374609_4617d04b82_k.jpg\" data-elementor-open-lightbox=\"yes\" data-elementor-lightbox-slideshow=\"6dbe8d7\" data-elementor-lightbox-title=\"2017 26381374609_4617d04b82_k\" data-e-action-hash=\"#elementor-action%3Aaction%3Dlightbox%26settings%3DeyJpZCI6ODA3LCJ1cmwiOiJodHRwczpcL1wvd3d3LmxpcHMtb3JnLmNoXC93cC1jb250ZW50XC91cGxvYWRzXC8yMDI0XC8wMVwvMjAxNy0yNjM4MTM3NDYwOV80NjE3ZDA0YjgyX2suanBnIiwic2xpZGVzaG93IjoiNmRiZThkNyJ9\">\n\t\t\t\t\t<div class=\"e-gallery-image elementor-gallery-item__image\" data-thumbnail=\"https:\/\/www.lips-org.ch\/wp-content\/uploads\/2024\/01\/2017-26381374609_4617d04b82_k-300x200.jpg\" data-width=\"300\" data-height=\"200\" aria-label=\"\" role=\"img\" ><\/div>\n\t\t\t\t\t\t\t\t\t\t\t<div class=\"elementor-gallery-item__overlay\"><\/div>\n\t\t\t\t\t\t\t\t\t\t\t\t\t\t<\/a>\n\t\t\t\t\t\t\t<a class=\"e-gallery-item elementor-gallery-item elementor-animated-content\" href=\"https:\/\/www.lips-org.ch\/wp-content\/uploads\/2024\/01\/2017-37448072274_cc024d4f03_b.jpg\" data-elementor-open-lightbox=\"yes\" data-elementor-lightbox-slideshow=\"6dbe8d7\" data-elementor-lightbox-title=\"2017 37448072274_cc024d4f03_b\" data-e-action-hash=\"#elementor-action%3Aaction%3Dlightbox%26settings%3DeyJpZCI6ODA4LCJ1cmwiOiJodHRwczpcL1wvd3d3LmxpcHMtb3JnLmNoXC93cC1jb250ZW50XC91cGxvYWRzXC8yMDI0XC8wMVwvMjAxNy0zNzQ0ODA3MjI3NF9jYzAyNGQ0ZjAzX2IuanBnIiwic2xpZGVzaG93IjoiNmRiZThkNyJ9\">\n\t\t\t\t\t<div class=\"e-gallery-image elementor-gallery-item__image\" data-thumbnail=\"https:\/\/www.lips-org.ch\/wp-content\/uploads\/2024\/01\/2017-37448072274_cc024d4f03_b-300x200.jpg\" data-width=\"300\" data-height=\"200\" aria-label=\"\" role=\"img\" ><\/div>\n\t\t\t\t\t\t\t\t\t\t\t<div class=\"elementor-gallery-item__overlay\"><\/div>\n\t\t\t\t\t\t\t\t\t\t\t\t\t\t<\/a>\n\t\t\t\t\t\t\t<a class=\"e-gallery-item elementor-gallery-item elementor-animated-content\" href=\"https:\/\/www.lips-org.ch\/wp-content\/uploads\/2024\/01\/2017-38158220571_283903d18d_n.jpg\" data-elementor-open-lightbox=\"yes\" data-elementor-lightbox-slideshow=\"6dbe8d7\" data-elementor-lightbox-title=\"2017 38158220571_283903d18d_n\" data-e-action-hash=\"#elementor-action%3Aaction%3Dlightbox%26settings%3DeyJpZCI6ODA5LCJ1cmwiOiJodHRwczpcL1wvd3d3LmxpcHMtb3JnLmNoXC93cC1jb250ZW50XC91cGxvYWRzXC8yMDI0XC8wMVwvMjAxNy0zODE1ODIyMDU3MV8yODM5MDNkMThkX24uanBnIiwic2xpZGVzaG93IjoiNmRiZThkNyJ9\">\n\t\t\t\t\t<div class=\"e-gallery-image elementor-gallery-item__image\" data-thumbnail=\"https:\/\/www.lips-org.ch\/wp-content\/uploads\/2024\/01\/2017-38158220571_283903d18d_n-300x200.jpg\" data-width=\"300\" data-height=\"200\" aria-label=\"\" role=\"img\" ><\/div>\n\t\t\t\t\t\t\t\t\t\t\t<div class=\"elementor-gallery-item__overlay\"><\/div>\n\t\t\t\t\t\t\t\t\t\t\t\t\t\t<\/a>\n\t\t\t\t\t\t\t<a class=\"e-gallery-item elementor-gallery-item elementor-animated-content\" href=\"https:\/\/www.lips-org.ch\/wp-content\/uploads\/2024\/01\/2017-Patrick-Suppiger-38158228051_16e29198b2_b.jpg\" data-elementor-open-lightbox=\"yes\" data-elementor-lightbox-slideshow=\"6dbe8d7\" data-elementor-lightbox-title=\"2017 Patrick Suppiger 38158228051_16e29198b2_b\" data-e-action-hash=\"#elementor-action%3Aaction%3Dlightbox%26settings%3DeyJpZCI6ODEwLCJ1cmwiOiJodHRwczpcL1wvd3d3LmxpcHMtb3JnLmNoXC93cC1jb250ZW50XC91cGxvYWRzXC8yMDI0XC8wMVwvMjAxNy1QYXRyaWNrLVN1cHBpZ2VyLTM4MTU4MjI4MDUxXzE2ZTI5MTk4YjJfYi5qcGciLCJzbGlkZXNob3ciOiI2ZGJlOGQ3In0%3D\">\n\t\t\t\t\t<div class=\"e-gallery-image elementor-gallery-item__image\" data-thumbnail=\"https:\/\/www.lips-org.ch\/wp-content\/uploads\/2024\/01\/2017-Patrick-Suppiger-38158228051_16e29198b2_b-300x200.jpg\" data-width=\"300\" data-height=\"200\" aria-label=\"\" role=\"img\" ><\/div>\n\t\t\t\t\t\t\t\t\t\t\t<div class=\"elementor-gallery-item__overlay\"><\/div>\n\t\t\t\t\t\t\t\t\t\t\t\t\t\t<\/a>\n\t\t\t\t\t\t\t<a class=\"e-gallery-item elementor-gallery-item elementor-animated-content\" href=\"https:\/\/www.lips-org.ch\/wp-content\/uploads\/2024\/01\/2017-Podium-37448173544_11019fee16_b.jpg\" data-elementor-open-lightbox=\"yes\" data-elementor-lightbox-slideshow=\"6dbe8d7\" data-elementor-lightbox-title=\"2017 Podium 37448173544_11019fee16_b\" data-e-action-hash=\"#elementor-action%3Aaction%3Dlightbox%26settings%3DeyJpZCI6ODExLCJ1cmwiOiJodHRwczpcL1wvd3d3LmxpcHMtb3JnLmNoXC93cC1jb250ZW50XC91cGxvYWRzXC8yMDI0XC8wMVwvMjAxNy1Qb2RpdW0tMzc0NDgxNzM1NDRfMTEwMTlmZWUxNl9iLmpwZyIsInNsaWRlc2hvdyI6IjZkYmU4ZDcifQ%3D%3D\">\n\t\t\t\t\t<div class=\"e-gallery-image elementor-gallery-item__image\" data-thumbnail=\"https:\/\/www.lips-org.ch\/wp-content\/uploads\/2024\/01\/2017-Podium-37448173544_11019fee16_b-300x200.jpg\" data-width=\"300\" data-height=\"200\" aria-label=\"\" role=\"img\" ><\/div>\n\t\t\t\t\t\t\t\t\t\t\t<div class=\"elementor-gallery-item__overlay\"><\/div>\n\t\t\t\t\t\t\t\t\t\t\t\t\t\t<\/a>\n\t\t\t\t\t\t\t<a class=\"e-gallery-item elementor-gallery-item elementor-animated-content\" href=\"https:\/\/www.lips-org.ch\/wp-content\/uploads\/2024\/01\/2017-Vortragende-auf-Treppe-37448070074_89cbedb772_c.jpg\" data-elementor-open-lightbox=\"yes\" data-elementor-lightbox-slideshow=\"6dbe8d7\" data-elementor-lightbox-title=\"2017 Vortragende auf Treppe 37448070074_89cbedb772_c\" data-e-action-hash=\"#elementor-action%3Aaction%3Dlightbox%26settings%3DeyJpZCI6ODEyLCJ1cmwiOiJodHRwczpcL1wvd3d3LmxpcHMtb3JnLmNoXC93cC1jb250ZW50XC91cGxvYWRzXC8yMDI0XC8wMVwvMjAxNy1Wb3J0cmFnZW5kZS1hdWYtVHJlcHBlLTM3NDQ4MDcwMDc0Xzg5Y2JlZGI3NzJfYy5qcGciLCJzbGlkZXNob3ciOiI2ZGJlOGQ3In0%3D\">\n\t\t\t\t\t<div class=\"e-gallery-image elementor-gallery-item__image\" data-thumbnail=\"https:\/\/www.lips-org.ch\/wp-content\/uploads\/2024\/01\/2017-Vortragende-auf-Treppe-37448070074_89cbedb772_c-300x235.jpg\" data-width=\"300\" data-height=\"235\" aria-label=\"\" role=\"img\" ><\/div>\n\t\t\t\t\t\t\t\t\t\t\t<div class=\"elementor-gallery-item__overlay\"><\/div>\n\t\t\t\t\t\t\t\t\t\t\t\t\t\t<\/a>\n\t\t\t\t\t<\/div>\n\t\t\t\t\t<\/div>\n\t\t\t\t<\/div>\n\t\t\t\t\t<\/div>\n\t\t\t\t<\/div>\n\t\t\t\t<\/div>\n\t\t","protected":false},"excerpt":{"rendered":"<p>Von realistischen Szenarien lernen LIPS, die Luzerner Initiative f\u00fcr Frieden und Sicherheit, in Kooperation mit dem Schweizer Verband f\u00fcr Krisenkommunikation und der [&hellip;]<\/p>\n","protected":false},"author":1,"featured_media":0,"comment_status":"closed","ping_status":"closed","sticky":false,"template":"","format":"standard","meta":{"_eb_attr":"","footnotes":""},"categories":[5,3],"tags":[],"class_list":["post-214","post","type-post","status-publish","format-standard","hentry","category-aktuelles","category-konferenzen"],"_links":{"self":[{"href":"https:\/\/www.lips-org.ch\/index.php?rest_route=\/wp\/v2\/posts\/214","targetHints":{"allow":["GET"]}}],"collection":[{"href":"https:\/\/www.lips-org.ch\/index.php?rest_route=\/wp\/v2\/posts"}],"about":[{"href":"https:\/\/www.lips-org.ch\/index.php?rest_route=\/wp\/v2\/types\/post"}],"author":[{"embeddable":true,"href":"https:\/\/www.lips-org.ch\/index.php?rest_route=\/wp\/v2\/users\/1"}],"replies":[{"embeddable":true,"href":"https:\/\/www.lips-org.ch\/index.php?rest_route=%2Fwp%2Fv2%2Fcomments&post=214"}],"version-history":[{"count":16,"href":"https:\/\/www.lips-org.ch\/index.php?rest_route=\/wp\/v2\/posts\/214\/revisions"}],"predecessor-version":[{"id":816,"href":"https:\/\/www.lips-org.ch\/index.php?rest_route=\/wp\/v2\/posts\/214\/revisions\/816"}],"wp:attachment":[{"href":"https:\/\/www.lips-org.ch\/index.php?rest_route=%2Fwp%2Fv2%2Fmedia&parent=214"}],"wp:term":[{"taxonomy":"category","embeddable":true,"href":"https:\/\/www.lips-org.ch\/index.php?rest_route=%2Fwp%2Fv2%2Fcategories&post=214"},{"taxonomy":"post_tag","embeddable":true,"href":"https:\/\/www.lips-org.ch\/index.php?rest_route=%2Fwp%2Fv2%2Ftags&post=214"}],"curies":[{"name":"wp","href":"https:\/\/api.w.org\/{rel}","templated":true}]}}