{"id":232,"date":"2016-01-26T10:19:06","date_gmt":"2016-01-26T10:19:06","guid":{"rendered":"https:\/\/www.lips-org.ch\/?p=232"},"modified":"2024-01-04T16:12:53","modified_gmt":"2024-01-04T16:12:53","slug":"generalversammlung-2016","status":"publish","type":"post","link":"https:\/\/www.lips-org.ch\/?p=232","title":{"rendered":"Generalversammlung 2016"},"content":{"rendered":"\t\t<div data-elementor-type=\"wp-post\" data-elementor-id=\"232\" class=\"elementor elementor-232\" data-elementor-post-type=\"post\">\n\t\t\t\t<div class=\"elementor-element elementor-element-1af40e2 e-flex e-con-boxed e-con e-parent\" data-id=\"1af40e2\" data-element_type=\"container\" data-e-type=\"container\">\n\t\t\t\t\t<div class=\"e-con-inner\">\n\t\t\t\t<div class=\"elementor-element elementor-element-0ae73c3 elementor-widget elementor-widget-text-editor\" data-id=\"0ae73c3\" data-element_type=\"widget\" data-e-type=\"widget\" data-widget_type=\"text-editor.default\">\n\t\t\t\t<div class=\"elementor-widget-container\">\n\t\t\t\t\t\t\t\t\t<p>Montag, 7. M\u00e4rz 2016<\/p><p>18:15 Uhr<\/p><p>Hotel Ambassador (Fr\u00fchst\u00fccksraum)<\/p><p>Luzern<\/p><p><strong>Dokumente:<\/strong><\/p><ul><li><a href=\"https:\/\/www.lips-org.ch\/wp-content\/uploads\/2024\/01\/2015-A-Abschluss-LIPS-per-31.12.2015-def.pdf\">Jahresrechnung 2015<\/a><\/li><li><a href=\"https:\/\/www.lips-org.ch\/wp-content\/uploads\/2024\/01\/Revisionsbericht_Lips-2015-01-2016.pdf\">Revisionsbericht 2015<\/a><\/li><\/ul>\t\t\t\t\t\t\t\t<\/div>\n\t\t\t\t<\/div>\n\t\t\t\t\t<\/div>\n\t\t\t\t<\/div>\n\t\t\t\t<\/div>\n\t\t","protected":false},"excerpt":{"rendered":"<p>Montag, 7. M\u00e4rz 2016 18:15 Uhr Hotel Ambassador (Fr\u00fchst\u00fccksraum) Luzern Dokumente: Jahresrechnung 2015 Revisionsbericht 2015<\/p>\n","protected":false},"author":1,"featured_media":0,"comment_status":"closed","ping_status":"closed","sticky":false,"template":"","format":"standard","meta":{"_eb_attr":"","footnotes":""},"categories":[5,7,4],"tags":[],"class_list":["post-232","post","type-post","status-publish","format-standard","hentry","category-aktuelles","category-generalversammlung","category-versammlungen"],"_links":{"self":[{"href":"https:\/\/www.lips-org.ch\/index.php?rest_route=\/wp\/v2\/posts\/232","targetHints":{"allow":["GET"]}}],"collection":[{"href":"https:\/\/www.lips-org.ch\/index.php?rest_route=\/wp\/v2\/posts"}],"about":[{"href":"https:\/\/www.lips-org.ch\/index.php?rest_route=\/wp\/v2\/types\/post"}],"author":[{"embeddable":true,"href":"https:\/\/www.lips-org.ch\/index.php?rest_route=\/wp\/v2\/users\/1"}],"replies":[{"embeddable":true,"href":"https:\/\/www.lips-org.ch\/index.php?rest_route=%2Fwp%2Fv2%2Fcomments&post=232"}],"version-history":[{"count":16,"href":"https:\/\/www.lips-org.ch\/index.php?rest_route=\/wp\/v2\/posts\/232\/revisions"}],"predecessor-version":[{"id":572,"href":"https:\/\/www.lips-org.ch\/index.php?rest_route=\/wp\/v2\/posts\/232\/revisions\/572"}],"wp:attachment":[{"href":"https:\/\/www.lips-org.ch\/index.php?rest_route=%2Fwp%2Fv2%2Fmedia&parent=232"}],"wp:term":[{"taxonomy":"category","embeddable":true,"href":"https:\/\/www.lips-org.ch\/index.php?rest_route=%2Fwp%2Fv2%2Fcategories&post=232"},{"taxonomy":"post_tag","embeddable":true,"href":"https:\/\/www.lips-org.ch\/index.php?rest_route=%2Fwp%2Fv2%2Ftags&post=232"}],"curies":[{"name":"wp","href":"https:\/\/api.w.org\/{rel}","templated":true}]}}