{"id":241,"date":"2015-02-03T10:21:06","date_gmt":"2015-02-03T10:21:06","guid":{"rendered":"https:\/\/www.lips-org.ch\/?p=241"},"modified":"2024-01-04T14:52:44","modified_gmt":"2024-01-04T14:52:44","slug":"generalversammlung-2015","status":"publish","type":"post","link":"https:\/\/www.lips-org.ch\/?p=241","title":{"rendered":"Generalversammlung 2015"},"content":{"rendered":"\t\t<div data-elementor-type=\"wp-post\" data-elementor-id=\"241\" class=\"elementor elementor-241\" data-elementor-post-type=\"post\">\n\t\t\t\t<div class=\"elementor-element elementor-element-65fa665 e-flex e-con-boxed e-con e-parent\" data-id=\"65fa665\" data-element_type=\"container\" data-e-type=\"container\">\n\t\t\t\t\t<div class=\"e-con-inner\">\n\t\t\t\t<div class=\"elementor-element elementor-element-e7fe4a7 elementor-widget elementor-widget-text-editor\" data-id=\"e7fe4a7\" data-element_type=\"widget\" data-e-type=\"widget\" data-widget_type=\"text-editor.default\">\n\t\t\t\t<div class=\"elementor-widget-container\">\n\t\t\t\t\t\t\t\t\t<p>Donnerstag, 5. M\u00e4rz 2015<\/p><p>18:30 Uhr<\/p><p>Hotel Ambassador (Fr\u00fchst\u00fccksraum)<\/p><p>Luzern<\/p><p><strong>Dokumente:<\/strong><\/p><ul><li><a href=\"https:\/\/www.lips-org.ch\/wp-content\/uploads\/2024\/01\/2014-A-Abschluss-LIPS-per-31.12.2014-def.pdf\">Jahresrechnung 2014<\/a><\/li><li><a href=\"https:\/\/www.lips-org.ch\/wp-content\/uploads\/2024\/01\/2014_Revisionsbericht_Lips-02-2015.pdf\">Revisionsbericht 2014<\/a><\/li><\/ul>\t\t\t\t\t\t\t\t<\/div>\n\t\t\t\t<\/div>\n\t\t\t\t\t<\/div>\n\t\t\t\t<\/div>\n\t\t\t\t<\/div>\n\t\t","protected":false},"excerpt":{"rendered":"<p>Donnerstag, 5. M\u00e4rz 2015 18:30 Uhr Hotel Ambassador (Fr\u00fchst\u00fccksraum) Luzern Dokumente: Jahresrechnung 2014 Revisionsbericht 2014<\/p>\n","protected":false},"author":1,"featured_media":0,"comment_status":"closed","ping_status":"closed","sticky":false,"template":"","format":"standard","meta":{"_eb_attr":"","footnotes":""},"categories":[5,7,4],"tags":[],"class_list":["post-241","post","type-post","status-publish","format-standard","hentry","category-aktuelles","category-generalversammlung","category-versammlungen"],"_links":{"self":[{"href":"https:\/\/www.lips-org.ch\/index.php?rest_route=\/wp\/v2\/posts\/241","targetHints":{"allow":["GET"]}}],"collection":[{"href":"https:\/\/www.lips-org.ch\/index.php?rest_route=\/wp\/v2\/posts"}],"about":[{"href":"https:\/\/www.lips-org.ch\/index.php?rest_route=\/wp\/v2\/types\/post"}],"author":[{"embeddable":true,"href":"https:\/\/www.lips-org.ch\/index.php?rest_route=\/wp\/v2\/users\/1"}],"replies":[{"embeddable":true,"href":"https:\/\/www.lips-org.ch\/index.php?rest_route=%2Fwp%2Fv2%2Fcomments&post=241"}],"version-history":[{"count":10,"href":"https:\/\/www.lips-org.ch\/index.php?rest_route=\/wp\/v2\/posts\/241\/revisions"}],"predecessor-version":[{"id":551,"href":"https:\/\/www.lips-org.ch\/index.php?rest_route=\/wp\/v2\/posts\/241\/revisions\/551"}],"wp:attachment":[{"href":"https:\/\/www.lips-org.ch\/index.php?rest_route=%2Fwp%2Fv2%2Fmedia&parent=241"}],"wp:term":[{"taxonomy":"category","embeddable":true,"href":"https:\/\/www.lips-org.ch\/index.php?rest_route=%2Fwp%2Fv2%2Fcategories&post=241"},{"taxonomy":"post_tag","embeddable":true,"href":"https:\/\/www.lips-org.ch\/index.php?rest_route=%2Fwp%2Fv2%2Ftags&post=241"}],"curies":[{"name":"wp","href":"https:\/\/api.w.org\/{rel}","templated":true}]}}