{"id":250,"date":"2014-02-26T10:22:29","date_gmt":"2014-02-26T10:22:29","guid":{"rendered":"https:\/\/www.lips-org.ch\/?p=250"},"modified":"2024-01-03T10:01:45","modified_gmt":"2024-01-03T10:01:45","slug":"religionen-und-gewalt","status":"publish","type":"post","link":"https:\/\/www.lips-org.ch\/?p=250","title":{"rendered":"RELIGIONEN\u00a0 UND\u00a0 GEWALT"},"content":{"rendered":"\t\t<div data-elementor-type=\"wp-post\" data-elementor-id=\"250\" class=\"elementor elementor-250\" data-elementor-post-type=\"post\">\n\t\t\t\t<div class=\"elementor-element elementor-element-335c11d e-flex e-con-boxed e-con e-parent\" data-id=\"335c11d\" data-element_type=\"container\" data-e-type=\"container\">\n\t\t\t\t\t<div class=\"e-con-inner\">\n\t\t\t\t<div class=\"elementor-element elementor-element-5d2bb65 elementor-widget elementor-widget-heading\" data-id=\"5d2bb65\" data-element_type=\"widget\" data-e-type=\"widget\" data-widget_type=\"heading.default\">\n\t\t\t\t<div class=\"elementor-widget-container\">\n\t\t\t\t\t<h2 class=\"elementor-heading-title elementor-size-default\">Die gemeinsame Verantwortung der Glaubensgemeinschaften zur Verhinderung von gewaltsamem Extremismus<\/h2>\t\t\t\t<\/div>\n\t\t\t\t<\/div>\n\t\t\t\t\t<\/div>\n\t\t\t\t<\/div>\n\t\t<div class=\"elementor-element elementor-element-94fd3c9 e-flex e-con-boxed e-con e-parent\" data-id=\"94fd3c9\" data-element_type=\"container\" data-e-type=\"container\">\n\t\t\t\t\t<div class=\"e-con-inner\">\n\t\t\t\t<div class=\"elementor-element elementor-element-459096a elementor-widget elementor-widget-text-editor\" data-id=\"459096a\" data-element_type=\"widget\" data-e-type=\"widget\" data-widget_type=\"text-editor.default\">\n\t\t\t\t<div class=\"elementor-widget-container\">\n\t\t\t\t\t\t\t\t\t<p>LIPS, die Luzerner Initiative f\u00fcr Frieden und Sicherheit, l\u00e4dt Sie f\u00fcr das Jahr 2014 zu einer Konferenz mit einem hochaktuellen Thema ein:<\/p><p><strong>RELIGIONEN\u00a0 UND\u00a0 GEWALT &#8211;\u00a0<\/strong><strong style=\"text-align: var(--text-align); color: var(--sydney-text-color); font-family: -apple-system, BlinkMacSystemFont, 'Segoe UI', Roboto, Oxygen-Sans, Ubuntu, Cantarell, 'Helvetica Neue', sans-serif;\">Die gemeinsame Verantwortung der Glaubensgemeinschaften\u00a0<\/strong><strong style=\"text-align: var(--text-align); color: var(--sydney-text-color); font-family: -apple-system, BlinkMacSystemFont, 'Segoe UI', Roboto, Oxygen-Sans, Ubuntu, Cantarell, 'Helvetica Neue', sans-serif;\">zur Verhinderung von gewaltsamem Extremismus<\/strong><\/p><p>Datum: Mittwoch, 2. April 2014 <br \/>Zeit:\u00a0<span style=\"text-align: var(--text-align); color: var(--sydney-text-color); font-family: -apple-system, BlinkMacSystemFont, 'Segoe UI', Roboto, Oxygen-Sans, Ubuntu, Cantarell, 'Helvetica Neue', sans-serif;\">13:30 &#8211; 17:30 Uhr<br \/><\/span><span style=\"color: var(--sydney-text-color); font-family: -apple-system, BlinkMacSystemFont, 'Segoe UI', Roboto, Oxygen-Sans, Ubuntu, Cantarell, 'Helvetica Neue', sans-serif; text-align: var(--text-align);\">Ort:\u00a0in der Universit\u00e4t Luzern\u00a0<\/span><span style=\"text-align: var(--text-align); color: var(--sydney-text-color); font-family: -apple-system, BlinkMacSystemFont, 'Segoe UI', Roboto, Oxygen-Sans, Ubuntu, Cantarell, 'Helvetica Neue', sans-serif;\">(gleich neben dem Bahnhof),\u00a0<\/span><span style=\"text-align: var(--text-align); color: var(--sydney-text-color); font-family: -apple-system, BlinkMacSystemFont, 'Segoe UI', Roboto, Oxygen-Sans, Ubuntu, Cantarell, 'Helvetica Neue', sans-serif;\">H\u00f6rsaal 1<\/span><\/p><p>Aufgrund des wachsenden \u00f6ffentlichen Interesses an der Thematik, an den Entwicklungen im Nahen Osten, in den L\u00e4ndern des &#8222;arabischen Fr\u00fchlings&#8220; oder anderswo, die sich auch in Familien, Gesellschaft und Politik in der Schweiz auswirken, will die Konferenz<\/p><ul><li>interessierte &#8211; religi\u00f6se wie s\u00e4kulare oder nichtreligi\u00f6se &#8211; Personen aus der Zivilgesellschaft und aus verschiedenen Institutionen ansprechen,<\/li><\/ul><ul><li>nach den verschiedenen Gr\u00fcnden f\u00fcr die Radikalisierung von Individuen oder Gesellschaftsteilen aufgrund gewaltbereiter Ideologien fragen, um neue Wege aus Konflikten und Sackgassen zu finden und zu versuchen.<\/li><\/ul><p>Auf nationaler wie auf internationaler Ebene wollen wir<\/p><ul><li>Multiplikatoren aus diesem Personenkreis gewinnen f\u00fcr die Pr\u00e4vention von gewaltt\u00e4tigem Extremismus und Radikalisierung durch gewaltbereite Ideologien in der Schweiz und im Ausland.<\/li><\/ul>\t\t\t\t\t\t\t\t<\/div>\n\t\t\t\t<\/div>\n\t\t\t\t\t<\/div>\n\t\t\t\t<\/div>\n\t\t\t\t<\/div>\n\t\t","protected":false},"excerpt":{"rendered":"<p>Die gemeinsame Verantwortung der Glaubensgemeinschaften zur Verhinderung von gewaltsamem Extremismus LIPS, die Luzerner Initiative f\u00fcr Frieden und Sicherheit, l\u00e4dt Sie f\u00fcr das [&hellip;]<\/p>\n","protected":false},"author":1,"featured_media":0,"comment_status":"closed","ping_status":"closed","sticky":false,"template":"","format":"standard","meta":{"_eb_attr":"","footnotes":""},"categories":[5,3],"tags":[],"class_list":["post-250","post","type-post","status-publish","format-standard","hentry","category-aktuelles","category-konferenzen"],"_links":{"self":[{"href":"https:\/\/www.lips-org.ch\/index.php?rest_route=\/wp\/v2\/posts\/250","targetHints":{"allow":["GET"]}}],"collection":[{"href":"https:\/\/www.lips-org.ch\/index.php?rest_route=\/wp\/v2\/posts"}],"about":[{"href":"https:\/\/www.lips-org.ch\/index.php?rest_route=\/wp\/v2\/types\/post"}],"author":[{"embeddable":true,"href":"https:\/\/www.lips-org.ch\/index.php?rest_route=\/wp\/v2\/users\/1"}],"replies":[{"embeddable":true,"href":"https:\/\/www.lips-org.ch\/index.php?rest_route=%2Fwp%2Fv2%2Fcomments&post=250"}],"version-history":[{"count":13,"href":"https:\/\/www.lips-org.ch\/index.php?rest_route=\/wp\/v2\/posts\/250\/revisions"}],"predecessor-version":[{"id":402,"href":"https:\/\/www.lips-org.ch\/index.php?rest_route=\/wp\/v2\/posts\/250\/revisions\/402"}],"wp:attachment":[{"href":"https:\/\/www.lips-org.ch\/index.php?rest_route=%2Fwp%2Fv2%2Fmedia&parent=250"}],"wp:term":[{"taxonomy":"category","embeddable":true,"href":"https:\/\/www.lips-org.ch\/index.php?rest_route=%2Fwp%2Fv2%2Fcategories&post=250"},{"taxonomy":"post_tag","embeddable":true,"href":"https:\/\/www.lips-org.ch\/index.php?rest_route=%2Fwp%2Fv2%2Ftags&post=250"}],"curies":[{"name":"wp","href":"https:\/\/api.w.org\/{rel}","templated":true}]}}